{"id":1,"date":"2016-05-10T03:48:21","date_gmt":"2016-05-10T02:48:21","guid":{"rendered":"http:\/\/eveilvert.com\/?p=1"},"modified":"2022-01-04T19:54:44","modified_gmt":"2022-01-04T18:54:44","slug":"hello-world","status":"publish","type":"post","link":"https:\/\/eveilvert.com\/?p=1","title":{"rendered":"Les plantes tinctoriales"},"content":{"rendered":"\t\t<div data-elementor-type=\"wp-post\" data-elementor-id=\"1\" class=\"elementor elementor-1\" data-elementor-settings=\"[]\">\n\t\t\t\t\t\t<div class=\"elementor-inner\">\n\t\t\t\t\t\t\t<div class=\"elementor-section-wrap\">\n\t\t\t\t\t\t\t<section class=\"elementor-section elementor-top-section elementor-element elementor-element-6b94d6b8 elementor-section-boxed elementor-section-height-default elementor-section-height-default\" data-id=\"6b94d6b8\" data-element_type=\"section\">\n\t\t\t\t\t\t<div class=\"elementor-container elementor-column-gap-default\">\n\t\t\t\t\t\t\t<div class=\"elementor-row\">\n\t\t\t\t\t<div class=\"elementor-column elementor-col-100 elementor-top-column elementor-element elementor-element-1ebc1500\" data-id=\"1ebc1500\" data-element_type=\"column\">\n\t\t\t<div class=\"elementor-column-wrap elementor-element-populated\">\n\t\t\t\t\t\t\t<div class=\"elementor-widget-wrap\">\n\t\t\t\t\t\t<div class=\"elementor-element elementor-element-29a830cf elementor-widget elementor-widget-text-editor\" data-id=\"29a830cf\" data-element_type=\"widget\" data-widget_type=\"text-editor.default\">\n\t\t\t\t<div class=\"elementor-widget-container\">\n\t\t\t\t\t\t\t\t<div class=\"elementor-text-editor elementor-clearfix\">\n\t\t\t\t<h2>Les plantes tinctoriales et leur histoire d&#8217;amour avec nous<\/h2>\n<p><!-- wp:paragraph --><\/p>\n<p>D\u00e8s le d\u00e9but de l\u2019humanit\u00e9, l\u2019homme\u00a0a voulu reproduire les couleurs qui l\u2019environnent. Quoi de plus naturel en effet, que de vouloir reproduire le ciel ?<br \/>Au d\u00e9but du N\u00e9olithique, les habitants de la Provence connaissaient et utilisaient le bleu du <b><i>p<\/i><\/b><em><strong>astel<\/strong><\/em> (<em>Isatis tinctoria<\/em>) pour teindre leurs \u00e9toffes de lin et de chanvre en bleu clair. (caverne de l\u2019Adaouste. Bouche du Rh\u00f4ne).<br \/>Des graines de <em><strong>Gaude<\/strong><\/em> (<em>Reseda<\/em> <em>luteola<\/em>) ont \u00e9t\u00e9 retrouv\u00e9es dans des fouilles d\u2019une cit\u00e9 lacustre des Alpes suisses datant de cette \u00e9poque.<br \/>Puis la connaissance et l\u2019utilisation de plantes tinctoriales s\u2019accroit et s\u2019exporte. Petit \u00e0 petit, de nouvelles plantes tinctoriales sont d\u00e9couvertes.<\/p>\n<p><!-- \/wp:paragraph --><!-- wp:heading --><\/p>\n<h2><strong>Les grandes civilisations et la couleur<\/strong><\/h2>\n<p><!-- \/wp:heading --><!-- wp:image {\"align\":\"center\",\"id\":432,\"sizeSlug\":\"full\",\"linkDestination\":\"none\"} --><\/p>\n<div class=\"wp-block-image\">\n<figure class=\"aligncenter size-full\"><img loading=\"lazy\" decoding=\"async\" class=\"aligncenter wp-image-432 size-medium\" src=\"https:\/\/eveilvert.com\/wp-content\/uploads\/2022\/01\/teinture-eveil-vert--225x300.jpg\" alt=\"tissus teint\u00e9s \u00e9veil vert \" width=\"225\" height=\"300\" srcset=\"https:\/\/eveilvert.com\/wp-content\/uploads\/2022\/01\/teinture-eveil-vert--225x300.jpg 225w, https:\/\/eveilvert.com\/wp-content\/uploads\/2022\/01\/teinture-eveil-vert-.jpg 480w\" sizes=\"auto, (max-width: 225px) 100vw, 225px\" \/><\/figure>\n<\/div>\n<p><!-- \/wp:image --><!-- wp:list --><\/p>\n<ul>\n<li>Les Egyptiens colorent leurs \u00e9toffes, en rouge, avec le <strong>carthame<\/strong> et la <strong>garance<\/strong>, en bleu avec le <strong>pastel<\/strong>.<\/li>\n<li>\u00a0Les Grecs appr\u00e9cient la <strong>garance<\/strong> qu\u2019ils nomment <em>Erythrodanon<\/em>, qui donne le rouge et d\u00e9couvrent ses propri\u00e9t\u00e9s m\u00e9dicinales.<\/li>\n<li>\u00a0Les Romains et les Perses utilisent le Safran \u00e0 la fois comme rem\u00e8de et comme teinture.<\/li>\n<li>\u00a0Mais ce sont surtout les civilisations celtes qui ont promu l\u2019utilisation des plantes colorantes, ainsi que la civilisation des <em>Britanni<\/em> et des <em>Picti<\/em>, peuplant l\u2019actuelle Grande Bretagne. Ces populations ont fortement impressionn\u00e9 C\u00e9sar et Pline. D\u2019autres auteurs racontent que les femmes et les filles de ces populations se mettaient nues et s\u2019enduisaient le corps de Guede (<strong>Pastel<\/strong>) avant de participer \u00e0 certaines c\u00e9r\u00e9monies religieuses.<\/li>\n<\/ul>\n<p><!-- \/wp:list --><!-- wp:paragraph --><\/p>\n<p><strong>Pour les auteurs de cette \u00e9poque, la Grande Bretagne \u00e9tait le pays \u00ab\u00a0des hommes peints\u00a0\u00bb.<\/strong><\/p>\n<p><!-- \/wp:paragraph --><!-- wp:paragraph --><\/p>\n<p>D\u2019ailleurs, le nom m\u00eame de Breton, <em>Brython<\/em>, vient directement du mot Gallois <em>bryth<\/em> voulant dire peinture. La population <em>Picte<\/em> a donn\u00e9, elle, le terme de <em>pictural<\/em>.\u00a0<\/p>\n<p><strong>L\u2019\u00e2ge d\u2019or des plantes tinctoriales<\/strong><\/p>\n<p><!-- \/wp:paragraph --><!-- wp:paragraph --><\/p>\n<p>Au Moyen-\u00e2ge, l\u2019utilisation des colorants v\u00e9g\u00e9taux se d\u00e9veloppe, \u00ab\u00a0la tradition attest\u00e9e par les si\u00e8cles ne se discute pas\u00a0\u00bb. L\u2019artisanat de la teinture gagne ses lettres de noblesse. Quelques si\u00e8cles plus tard, l\u2019art de la teinture est devenu une industrie et la culture des plantes tinctoriales s\u2019est d\u00e9velopp\u00e9e. En France, le<b> p<\/b><em><strong>astel<\/strong><\/em> est cultiv\u00e9 dans la r\u00e9gion de Toulouse, la <em><strong>Gaude<\/strong><\/em> dans les vall\u00e9es du Rh\u00f4ne et du Roussillon, la <em><strong>Garance<\/strong><\/em> et le <em><strong>Safran<\/strong><\/em> dans le Comtat Venaissin.<\/p>\n<p><!-- \/wp:paragraph --><!-- wp:paragraph --><\/p>\n<p>Ces plantes ont permis l\u2019obtention des colorants ayant servis \u00e0 teindre les c\u00e9l\u00e8bres tapisseries (Gobelins, etc.) . Ainsi que les soies qui ont fait la r\u00e9putation de la ville de Lyon. Chacun a \u00e9galement en m\u00e9moire le pantalon rouge \u00ab\u00a0<strong>garance<\/strong>\u00a0\u00bb port\u00e9 par le r\u00e9giment des Zouaves. Ou la couleur bleu <strong>pastel<\/strong> de la toile color\u00e9e au \u00ab\u00a0bleu de G\u00e8nes\u00a0\u00bb qui, port\u00e9e aux nues par les pionniers am\u00e9ricains, reviendra en Europe sous le nom de \u00ab\u00a0Blue jean\u00a0\u00bb.<\/p>\n<p><!-- \/wp:paragraph --><!-- wp:paragraph --><\/p>\n<p>Les r\u00e9gions productrices de ces plantes prennent un essor consid\u00e9rable. Un n\u00e9goce international s\u2019instaure, l\u2019\u00e9conomie se d\u00e9veloppe, la r\u00e9gion prosp\u00e8re. Mais au XIXe si\u00e8cle, la chimie est en pleine expansion. Les chimistes isolent les mol\u00e9cules colorantes responsables et bient\u00f4t en font la synth\u00e8se. En dix ans le prix de la poudre de <strong>Garance<\/strong> chute de 200 F le quintal \u00e0 25 F. La culture de la plante cesse. L\u2019\u00a0<em><b>Indigo<\/b><\/em> tropical a supplant\u00e9 le <em><strong>Pastel<\/strong><\/em>, l\u2019\u00e9conomie de la r\u00e9gion toulousaine d\u00e9cro\u00eet. Le d\u00e9but du XXe si\u00e8cle voit la production industrielle de l\u2019<em>Indigo<\/em> de synth\u00e8se, le r\u00e8gne du <em>Pastel<\/em> s\u2019affaiblit consid\u00e9rablement.<\/p>\n<p><!-- \/wp:paragraph --><\/p>\t\t\t\t\t<\/div>\n\t\t\t\t\t\t<\/div>\n\t\t\t\t<\/div>\n\t\t\t\t\t\t<\/div>\n\t\t\t\t\t<\/div>\n\t\t<\/div>\n\t\t\t\t\t\t\t\t<\/div>\n\t\t\t\t\t<\/div>\n\t\t<\/section>\n\t\t\t\t\t\t<\/div>\n\t\t\t\t\t\t<\/div>\n\t\t\t\t\t<\/div>\n\t\t","protected":false},"excerpt":{"rendered":"<p>Les plantes tinctoriales et leur histoire d&#8217;amour avec nous D\u00e8s le d\u00e9but de l\u2019humanit\u00e9, l\u2019homme\u00a0a voulu reproduire les couleurs qui l\u2019environnent. Quoi de plus naturel en effet, que de vouloir reproduire le ciel ?Au d\u00e9but du N\u00e9olithique, les habitants de la Provence connaissaient et utilisaient le bleu du pastel (Isatis tinctoria) pour teindre leurs \u00e9toffes [&hellip;]<\/p>\n","protected":false},"author":1,"featured_media":0,"comment_status":"closed","ping_status":"open","sticky":false,"template":"","format":"standard","meta":{"_regular_price":[],"currency_symbol":[],"_vp_format_video_url":"","_vp_image_focal_point":[],"footnotes":""},"categories":[1],"tags":[],"class_list":["post-1","post","type-post","status-publish","format-standard","hentry","category-uncategorized"],"post_slider_layout_featured_media_urls":{"thumbnail":"","post_slider_layout_landscape_large":"","post_slider_layout_portrait_large":"","post_slider_layout_square_large":"","post_slider_layout_landscape":"","post_slider_layout_portrait":"","post_slider_layout_square":"","full":""},"_links":{"self":[{"href":"https:\/\/eveilvert.com\/index.php?rest_route=\/wp\/v2\/posts\/1","targetHints":{"allow":["GET"]}}],"collection":[{"href":"https:\/\/eveilvert.com\/index.php?rest_route=\/wp\/v2\/posts"}],"about":[{"href":"https:\/\/eveilvert.com\/index.php?rest_route=\/wp\/v2\/types\/post"}],"author":[{"embeddable":true,"href":"https:\/\/eveilvert.com\/index.php?rest_route=\/wp\/v2\/users\/1"}],"replies":[{"embeddable":true,"href":"https:\/\/eveilvert.com\/index.php?rest_route=%2Fwp%2Fv2%2Fcomments&post=1"}],"version-history":[{"count":10,"href":"https:\/\/eveilvert.com\/index.php?rest_route=\/wp\/v2\/posts\/1\/revisions"}],"predecessor-version":[{"id":590,"href":"https:\/\/eveilvert.com\/index.php?rest_route=\/wp\/v2\/posts\/1\/revisions\/590"}],"wp:attachment":[{"href":"https:\/\/eveilvert.com\/index.php?rest_route=%2Fwp%2Fv2%2Fmedia&parent=1"}],"wp:term":[{"taxonomy":"category","embeddable":true,"href":"https:\/\/eveilvert.com\/index.php?rest_route=%2Fwp%2Fv2%2Fcategories&post=1"},{"taxonomy":"post_tag","embeddable":true,"href":"https:\/\/eveilvert.com\/index.php?rest_route=%2Fwp%2Fv2%2Ftags&post=1"}],"curies":[{"name":"wp","href":"https:\/\/api.w.org\/{rel}","templated":true}]}}